{"id":4049,"date":"2019-08-18T14:40:08","date_gmt":"2019-08-18T12:40:08","guid":{"rendered":"https:\/\/richtiggutbewerben.de\/Bewerbungstipps\/Bewerbungsblog\/?p=4049"},"modified":"2019-12-17T15:04:50","modified_gmt":"2019-12-17T13:04:50","slug":"erster-arbeitstag-neuer-job","status":"publish","type":"post","link":"https:\/\/richtiggutbewerben.de\/Bewerbungstipps\/Bewerbungsblog\/erster-arbeitstag-neuer-job\/","title":{"rendered":"Erster Arbeitstag im neuen Job: S\u00e4tze, die man auf keinen Fall sagen sollte"},"content":{"rendered":"<p><strong>Erster Arbeitstag<\/strong>, neuer Job, hoch motiviert: So starten die meisten in einen neuen Job. Doch Vorsicht! Zu viel Elan kann auch zur Karrierefalle werden.\u00a0Um zu verdeutlichen, dass ein erster Arbeitstag eine Menge <strong>Fettn\u00e4pfchen<\/strong> bietet, pr\u00e4sentiert unsere Gastautorin\u00a0Simone Stargardt einen beispielhaften Fall, wie es am ersten Arbeitstag nicht laufen sollte: Der frisch gebackene Betriebswirt \u2013 nennen wir ihn Moritz M\u00fcller \u2013 wurde als Assistent des Gesch\u00e4ftsf\u00fchrers eingestellt.<\/p>\n<h2>Der Fall Moritz M\u00fcller &#8211; Erster Arbeitstag<\/h2>\n<p><em>Termine vorbereiten, Vertriebs-Reportings und Marketing<\/em> sollten die Aufgaben des jungen Mannes sein. Doch der Ehrgeizige hatte vom ersten Tag an einen schweren Stand. Sein <strong>Problem<\/strong>: Unbewusst zeichnete er bei fast jeder Gelegenheit seinem <strong>Chef<\/strong> und den <strong>Kollegen<\/strong> ein Bild von sich, dass er nicht mehr korrigieren konnte. Erster Arbeitstag &#8211; und schon kommt man anders an, als man es eigentlich beabsichtigt hat. <strong>4 S\u00e4tze<\/strong>, die man am ersten Arbeitstag nicht sagen sollte:<\/p>\n<blockquote><p><strong>\u201eIch bin so froh, meinen alten Job los zu sein\u201c<\/strong><\/p><\/blockquote>\n<p>Erster Arbeitstag &#8211; und Moritz M\u00fcller beging\u00a0direkt den Fehler, \u00fcber seinen vorigen Arbeitgeber zu l\u00e4stern: \u201e<em>Ich bin froh hier zu sein, der alte Job war grausig und der Chef ein Idiot.<\/em>\u201c Sein Ziel war es, den neuen Kollegen zu schmeicheln. Au\u00dferdem wollte er zeigen, dass es ihm nun hier in der neuen Firma viel besser gefalle. An kam aber bei den Kollegen: Moritz M\u00fcller ist illoyal, er redet \u00fcber anstatt mit den Menschen. Er l\u00e4stert. Sie fragen sich: \u201e<em>Wird er das auch bei mir tun?<\/em>\u201c Das kommt nie gut an. <strong>Dreckige W\u00e4sche<\/strong> beh\u00e4lt man besser f\u00fcr sich und h\u00e4lt sich bedeckt, wenn es um den ehemaligen Arbeitgeber geht, auch wenn es vielleicht etwas schlechter auseinander gegangen ist.<\/p>\n<blockquote><p><strong>\u201eIch kenne das aber anders\u201c<\/strong><\/p><\/blockquote>\n<p>Sein zweiter Fehler: Er wollte gleich am ersten Tag <strong>Verbesserungen<\/strong> vorschlagen. Dabei hat Moritz M\u00fcller ignoriert, dass jedes Unternehmen eigene Prozesse hat. Mit eigenen Entscheidungswegen und komplexen Strukturen, die man wahrscheinlich nicht einmal nach dem ersten Monat komplett durchschaut. Mit dem Satz: \u201e<em>Ich kenne das aber anders \u2013 ich mache das lieber so und so<\/em>\u201c, man\u00f6vriert er sich<strong> ins Abseits<\/strong>. Engagement zu signalisieren und anpacken zu wollen, ist sehr gut. Aber er hat vergessen darauf zu achten, dass er die neuen Kollegen damit kritisiert.<\/p>\n<blockquote><p><strong>\u201eWie sieht es eigentlich mit meinem Urlaub aus?\u201c<\/strong><\/p><\/blockquote>\n<p>In meiner Zeit als Gebietsleiterin bei einem Lebensmitteldiscounter sind mir noch eine Handvoll <strong>ungeschickte Starter-Fragen<\/strong> untergekommen, die ein erster Arbeitstag mit sich bringen kann, aber besser nicht sollte: \u201e<em>Wann kann ich heute Feierabend machen?<\/em>\u201c geh\u00f6rt dazu. Gleiche Kategorie: \u201e<em>Wie sieht es hier mit der Urlaubsregelung aus<\/em>?\u201c. Beide Fragen sind nat\u00fcrlich berechtigt und m\u00fcssen gekl\u00e4rt werden, etwa beim Besuch in der <strong>Personalabteilung<\/strong>. Wer das jedoch im Kollegenkreis am ersten Tag thematisiert, sendet das falsche Signal: \u201e<em>K\u00f6nnen Sie es an Ihrem ersten Tag wirklich nicht erwarten, heim zu gehen<\/em>?\u201c Stattdessen besser fragen, was heute zu erledigen ist oder wobei sie einen Kollegen unterst\u00fctzen k\u00f6nnen. Damit zeigt man\u00a0<strong>Einsatzbereitschaft<\/strong> &#8211; und kollegiales Verhalten wird sicher gut ankommen.<\/p>\n<blockquote><p><strong>\u201eHeute nicht mehr\u201c<\/strong><\/p><\/blockquote>\n<p>Egal, ob <strong>erster Arbeitstag<\/strong> oder schon l\u00e4nger dabei: Ein weiterer Klassiker ist immer auch \u201e<em>Daf\u00fcr habe ich heute keine Zeit<\/em>\u201c. Auch wenn der erste Arbeitstag vollgepackt ist mit vielen Informationen und neuen Gesichtern, wom\u00f6glich schon mit den ersten Aufgaben, sollte man nicht direkt blocken. S\u00e4tze wie diesen sollte man deshalb unbedingt vermeiden. Beim H\u00f6rer kommt wom\u00f6glich an: \u201e<em>Oha, gerade frisch eingetroffen und schon \u00fcberlastet.<\/em>\u201c Statt <strong>vertrauen<\/strong> wird das Team dem neuen Kollegen eher <strong>misstrauen<\/strong>. Denn Kollegen, die sich anscheinend vor der Arbeit dr\u00fccken, unterst\u00fctzt niemand gerne. Besser: Anfrage oder Aufgabe anh\u00f6ren und kl\u00e4ren, bis wann sie erledigt sein soll. Wer dann zwei Tage vor Abgabe liefert, punktet im Kollegenkreis.<\/p>\n<p>\u00dcbrigens: Moritz M\u00fcller ist nicht mehr im Unternehmen. Nach drei Wochen war Schluss.<\/p>\n<hr \/>\n<p>Gastartikel von Simone Stargardt, Inhaberin von carriere &amp; more mit Standorten in der Region Stuttgart, Mannheim und W\u00fcrzburg. Die private Akademie ist innovativer Bildungstr\u00e4ger f\u00fcr Weiterbildungslehrg\u00e4nge, die mit einem IHK-Abschluss enden. Ziel ist es, Teilnehmer in m\u00f6glichst kurzer Zeit bei angenehmer Lernatmosph\u00e4re zum angestrebten Pr\u00fcfungserfolg zu f\u00fchren.<\/p>\n<div style=\"text-align:center\" class=\"yasr-auto-insert-visitor\"><!--Yasr Visitor Votes Shortcode--><div id='yasr_visitor_votes_4049' class='yasr-visitor-votes'><div class=\"yasr-custom-text-vv-before yasr-custom-text-vv-before-4049\"> Beitrag bewerten<\/div><div id='yasr-vv-second-row-container-f2edfd7e46d95' \n                                        class='yasr-vv-second-row-container'><div id='yasr-visitor-votes-rater-f2edfd7e46d95'\n                                      class='yasr-rater-stars-vv'\n                                      data-rater-postid='4049' \n                                      data-rating='0'\n                                      data-rater-starsize='24'\n                                      data-rater-readonly='false'\n                                      data-rater-nonce='5d20c6e8fd' \n                                      data-issingular='false'\n                                    ><\/div><div class=\"yasr-vv-stats-text-container\" id=\"yasr-vv-stats-text-container-f2edfd7e46d95\"><span id=\"yasr-vv-text-container-f2edfd7e46d95\" class=\"yasr-vv-text-container\"> <span id=\"yasr-vv-votes-number-container-f2edfd7e46d95\">0<\/span> Bewertungen<\/span><\/div><div id='yasr-vv-loader-f2edfd7e46d95' class='yasr-vv-container-loader'><\/div><\/div><div id='yasr-vv-bottom-container-f2edfd7e46d95' class='yasr-vv-bottom-container'><\/div><\/div><!--End Yasr Visitor Votes Shortcode--><\/div>","protected":false},"excerpt":{"rendered":"<p>Erster Arbeitstag, neuer Job, hoch motiviert: So starten die meisten in einen neuen Job. Doch Vorsicht! Zu viel Elan kann auch zur Karrierefalle werden.\u00a0Um zu verdeutlichen, dass ein erster Arbeitstag eine Menge Fettn\u00e4pfchen bietet, pr\u00e4sentiert unsere Gastautorin\u00a0Simone Stargardt einen beispielhaften Fall, wie es am ersten Arbeitstag nicht laufen sollte: Der frisch gebackene Betriebswirt \u2013 nennen<\/p>\n","protected":false},"author":28,"featured_media":4050,"comment_status":"closed","ping_status":"closed","sticky":false,"template":"","format":"standard","meta":{"_monsterinsights_skip_tracking":false,"_monsterinsights_sitenote_active":false,"_monsterinsights_sitenote_note":"","_monsterinsights_sitenote_category":0,"yasr_overall_rating":0,"yasr_post_is_review":"","yasr_auto_insert_disabled":"","yasr_review_type":""},"categories":[1],"tags":[111,278,277,108,235],"yst_prominent_words":[2811,934,1066,2814,2809,483,408,3063,5122,401,395,970,2816,2808,2817,2815,2405,3061,2812,3062],"yasr_visitor_votes":{"number_of_votes":0,"sum_votes":0,"stars_attributes":{"read_only":false,"span_bottom":false}},"_links":{"self":[{"href":"https:\/\/richtiggutbewerben.de\/Bewerbungstipps\/Bewerbungsblog\/wp-json\/wp\/v2\/posts\/4049"}],"collection":[{"href":"https:\/\/richtiggutbewerben.de\/Bewerbungstipps\/Bewerbungsblog\/wp-json\/wp\/v2\/posts"}],"about":[{"href":"https:\/\/richtiggutbewerben.de\/Bewerbungstipps\/Bewerbungsblog\/wp-json\/wp\/v2\/types\/post"}],"author":[{"embeddable":true,"href":"https:\/\/richtiggutbewerben.de\/Bewerbungstipps\/Bewerbungsblog\/wp-json\/wp\/v2\/users\/28"}],"replies":[{"embeddable":true,"href":"https:\/\/richtiggutbewerben.de\/Bewerbungstipps\/Bewerbungsblog\/wp-json\/wp\/v2\/comments?post=4049"}],"version-history":[{"count":7,"href":"https:\/\/richtiggutbewerben.de\/Bewerbungstipps\/Bewerbungsblog\/wp-json\/wp\/v2\/posts\/4049\/revisions"}],"predecessor-version":[{"id":10453,"href":"https:\/\/richtiggutbewerben.de\/Bewerbungstipps\/Bewerbungsblog\/wp-json\/wp\/v2\/posts\/4049\/revisions\/10453"}],"wp:featuredmedia":[{"embeddable":true,"href":"https:\/\/richtiggutbewerben.de\/Bewerbungstipps\/Bewerbungsblog\/wp-json\/wp\/v2\/media\/4050"}],"wp:attachment":[{"href":"https:\/\/richtiggutbewerben.de\/Bewerbungstipps\/Bewerbungsblog\/wp-json\/wp\/v2\/media?parent=4049"}],"wp:term":[{"taxonomy":"category","embeddable":true,"href":"https:\/\/richtiggutbewerben.de\/Bewerbungstipps\/Bewerbungsblog\/wp-json\/wp\/v2\/categories?post=4049"},{"taxonomy":"post_tag","embeddable":true,"href":"https:\/\/richtiggutbewerben.de\/Bewerbungstipps\/Bewerbungsblog\/wp-json\/wp\/v2\/tags?post=4049"},{"taxonomy":"yst_prominent_words","embeddable":true,"href":"https:\/\/richtiggutbewerben.de\/Bewerbungstipps\/Bewerbungsblog\/wp-json\/wp\/v2\/yst_prominent_words?post=4049"}],"curies":[{"name":"wp","href":"https:\/\/api.w.org\/{rel}","templated":true}]}}